{"id":6248,"date":"2025-09-23T05:53:44","date_gmt":"2025-09-23T05:53:44","guid":{"rendered":"https:\/\/joyaapples.com\/?p=6248"},"modified":"2025-09-24T05:13:24","modified_gmt":"2025-09-24T05:13:24","slug":"joya-apples-rock-out-at-french-music-festival","status":"publish","type":"post","link":"https:\/\/joyaapples.com\/de\/joya-apples-rock-out-at-french-music-festival\/","title":{"rendered":"Joya\u00ae-\u00c4pfel rocken beim franz\u00f6sischen Musikfestival"},"content":{"rendered":"<figure class=\"wp-block-image size-large\"><img loading=\"lazy\" decoding=\"async\" width=\"1024\" height=\"576\" src=\"https:\/\/joyaapples.com\/app\/uploads\/2025\/09\/FRANCOFOLIES-2025-festival-image-2_16.9-1024x576.jpg\" alt=\"\" class=\"wp-image-6250\" srcset=\"https:\/\/joyaapples.com\/app\/uploads\/2025\/09\/FRANCOFOLIES-2025-festival-image-2_16.9-1024x576.jpg 1024w, https:\/\/joyaapples.com\/app\/uploads\/2025\/09\/FRANCOFOLIES-2025-festival-image-2_16.9-300x169.jpg 300w, https:\/\/joyaapples.com\/app\/uploads\/2025\/09\/FRANCOFOLIES-2025-festival-image-2_16.9-768x432.jpg 768w, https:\/\/joyaapples.com\/app\/uploads\/2025\/09\/FRANCOFOLIES-2025-festival-image-2_16.9-1536x864.jpg 1536w, https:\/\/joyaapples.com\/app\/uploads\/2025\/09\/FRANCOFOLIES-2025-festival-image-2_16.9-2048x1152.jpg 2048w, https:\/\/joyaapples.com\/app\/uploads\/2025\/09\/FRANCOFOLIES-2025-festival-image-2_16.9-18x10.jpg 18w\" sizes=\"auto, (max-width: 1024px) 100vw, 1024px\" \/><\/figure>\n\n\n\n<p>For the second year running, Joya\u00ae partnered with one of France&#8217;s historic music festivals, Les Francofolies, to create a harmonious on-site experience, with the delicious combination of fruit, fun and freshness further amplifying the festival&#8217;s buoyant energy.<\/p>\n\n\n\n<p>Delivering strong brand visibility and meaningful engagement with the primary target audience of 30\u201350-year-olds, the activation was designed to create an authentic and&nbsp;memorable brand experience by strengthening brand activity and connection.<\/p>\n\n\n\n<p>Perfectly positioning Joya\u00ae as the refreshing summer snack of choice, the apple\u2019s juicy, invigorating taste offered a natural and stamina-boosting treat during the festival\u2019s three jam-packed days. The activation was also a wonderful way to celebrate French culture and local apple production over the northern hemisphere summer.<\/p>\n\n\n\n<figure class=\"wp-block-image size-large\"><img loading=\"lazy\" decoding=\"async\" width=\"1024\" height=\"576\" src=\"https:\/\/joyaapples.com\/app\/uploads\/2025\/09\/Europe-pic-3_16_9-1024x576.jpg\" alt=\"\" class=\"wp-image-6251\" srcset=\"https:\/\/joyaapples.com\/app\/uploads\/2025\/09\/Europe-pic-3_16_9-1024x576.jpg 1024w, https:\/\/joyaapples.com\/app\/uploads\/2025\/09\/Europe-pic-3_16_9-300x169.jpg 300w, https:\/\/joyaapples.com\/app\/uploads\/2025\/09\/Europe-pic-3_16_9-768x432.jpg 768w, https:\/\/joyaapples.com\/app\/uploads\/2025\/09\/Europe-pic-3_16_9-18x10.jpg 18w, https:\/\/joyaapples.com\/app\/uploads\/2025\/09\/Europe-pic-3_16_9.jpg 1536w\" sizes=\"auto, (max-width: 1024px) 100vw, 1024px\" \/><\/figure>\n\n\n\n<p>Ahead of the festival, over 7,000 visitors engaged with the online platform, with strong consumer interest and an impressive 80% conversion rate. During the event, the dynamic three-day activation saw more than 12,000 apples distributed through engaging brand-driven activities, with branded tricycles, a music blind test area and mobile displays ensuring high visibility&nbsp;along the main alley.<\/p>\n\n\n\n<p>The data-led marketing strategy defined objectives for both the morning and afternoon, with building connection the focus of the morning and afternoons devoted to driving reach.<\/p>\n\n\n\n<p>In the morning, a qualitative approach encouraged conversations and deeper brand engagement through music blind tests, discussions and consumer questionnaires.&nbsp;The delicious result? Festival-goers discovered Joya\u00ae through memorable and playful moments, enhancing the brand\u2019s joyful identity and cementing it in the minds of consumers.<\/p>\n\n\n\n<p>During the afternoon, a quantitative strategy focused on driving reach and visibility, distributing apples and branded flyers during peak times.<\/p>\n\n\n\n<figure class=\"wp-block-image size-large\"><img loading=\"lazy\" decoding=\"async\" width=\"1024\" height=\"576\" src=\"https:\/\/joyaapples.com\/app\/uploads\/2025\/09\/Europe-pic-2_16_9-1024x576.jpg\" alt=\"\" class=\"wp-image-6252\" srcset=\"https:\/\/joyaapples.com\/app\/uploads\/2025\/09\/Europe-pic-2_16_9-1024x576.jpg 1024w, https:\/\/joyaapples.com\/app\/uploads\/2025\/09\/Europe-pic-2_16_9-300x169.jpg 300w, https:\/\/joyaapples.com\/app\/uploads\/2025\/09\/Europe-pic-2_16_9-768x432.jpg 768w, https:\/\/joyaapples.com\/app\/uploads\/2025\/09\/Europe-pic-2_16_9-18x10.jpg 18w, https:\/\/joyaapples.com\/app\/uploads\/2025\/09\/Europe-pic-2_16_9.jpg 1536w\" sizes=\"auto, (max-width: 1024px) 100vw, 1024px\" \/><\/figure>\n\n\n\n<p>Seizing the opportunity to gather on-the-ground consumer insights, a survey was conducted at the event, collecting responses from over 700 participants on apple consumption habits and preferences.\u00a0The results spoke for themselves, with Joya\u00ae receiving an 85% positive rating and an average score of 4.3 out of 5.<\/p>\n\n\n\n<p>Overall, the festival activation was a resounding success, building on the brand recall among attendees from last year\u2019s presence. With a sea of sunny-yellow Joya\u00ae hats dancing in the crowd as the beats rolled on, there were nothing but good vibrations.<\/p>","protected":false},"excerpt":{"rendered":"<p>Zum zweiten Mal in Folge kooperierte Joya\u00ae mit dem traditionsreichen franz\u00f6sischen Musikfestival Les Francofolies, um ein harmonisches Erlebnis vor Ort zu schaffen. Die k\u00f6stliche Kombination aus Fr\u00fcchten, Spa\u00df und Frische verst\u00e4rkte die mitrei\u00dfende Energie des Festivals zus\u00e4tzlich. Die Aktivierung, die eine hohe Markenpr\u00e4senz und ein sinnvolles Engagement bei der Hauptzielgruppe der 30- bis 50-J\u00e4hrigen erzielte, wurde so konzipiert, dass \u2026 <a href=\"https:\/\/joyaapples.com\/de\/joya-apples-rock-out-at-french-music-festival\/\"><\/a><\/p>","protected":false},"author":3,"featured_media":0,"comment_status":"closed","ping_status":"closed","sticky":false,"template":"","format":"standard","meta":{"_acf_changed":false,"footnotes":""},"categories":[1],"tags":[],"class_list":["post-6248","post","type-post","status-publish","format-standard","hentry","category-uncategorized"],"acf":[],"yoast_head":"<!-- This site is optimized with the Yoast SEO plugin v25.8 - https:\/\/yoast.com\/wordpress\/plugins\/seo\/ -->\n<title>Joya\u00ae apples rock out at French music festival - Joya Apples Website<\/title>\n<meta name=\"robots\" content=\"index, follow, max-snippet:-1, max-image-preview:large, max-video-preview:-1\" \/>\n<link rel=\"canonical\" href=\"https:\/\/joyaapples.com\/de\/joya-apples-rock-out-at-french-music-festival\/\" \/>\n<meta property=\"og:locale\" content=\"de_DE\" \/>\n<meta property=\"og:type\" content=\"article\" \/>\n<meta property=\"og:title\" content=\"Joya\u00ae apples rock out at French music festival - Joya Apples Website\" \/>\n<meta property=\"og:description\" content=\"For the second year running, Joya\u00ae partnered with one of France&#8217;s historic music festivals, Les Francofolies, to create a harmonious on-site experience, with the delicious combination of fruit, fun and freshness further amplifying the festival&#8217;s buoyant energy. Delivering strong brand visibility and meaningful engagement with the primary target audience of 30\u201350-year-olds, the activation was designed &hellip;\" \/>\n<meta property=\"og:url\" content=\"https:\/\/joyaapples.com\/de\/joya-apples-rock-out-at-french-music-festival\/\" \/>\n<meta property=\"og:site_name\" content=\"Joya Apples Website\" \/>\n<meta property=\"article:published_time\" content=\"2025-09-23T05:53:44+00:00\" \/>\n<meta property=\"article:modified_time\" content=\"2025-09-24T05:13:24+00:00\" \/>\n<meta property=\"og:image\" content=\"https:\/\/joyaapples.com\/app\/uploads\/2025\/09\/FRANCOFOLIES-2025-festival-image-2_16.9-scaled.jpg\" \/>\n\t<meta property=\"og:image:width\" content=\"2560\" \/>\n\t<meta property=\"og:image:height\" content=\"1441\" \/>\n\t<meta property=\"og:image:type\" content=\"image\/jpeg\" \/>\n<meta name=\"author\" content=\"Antonia Strakosch\" \/>\n<meta name=\"twitter:card\" content=\"summary_large_image\" \/>\n<meta name=\"twitter:label1\" content=\"Written by\" \/>\n\t<meta name=\"twitter:data1\" content=\"Antonia Strakosch\" \/>\n\t<meta name=\"twitter:label2\" content=\"Est. reading time\" \/>\n\t<meta name=\"twitter:data2\" content=\"3 minutes\" \/>\n<script type=\"application\/ld+json\" class=\"yoast-schema-graph\">{\"@context\":\"https:\/\/schema.org\",\"@graph\":[{\"@type\":\"WebPage\",\"@id\":\"https:\/\/joyaapples.com\/joya-apples-rock-out-at-french-music-festival\/\",\"url\":\"https:\/\/joyaapples.com\/joya-apples-rock-out-at-french-music-festival\/\",\"name\":\"Joya\u00ae apples rock out at French music festival - Joya Apples Website\",\"isPartOf\":{\"@id\":\"https:\/\/joyaapples.com\/fr\/#website\"},\"primaryImageOfPage\":{\"@id\":\"https:\/\/joyaapples.com\/joya-apples-rock-out-at-french-music-festival\/#primaryimage\"},\"image\":{\"@id\":\"https:\/\/joyaapples.com\/joya-apples-rock-out-at-french-music-festival\/#primaryimage\"},\"thumbnailUrl\":\"https:\/\/joyaapples.com\/app\/uploads\/2025\/09\/FRANCOFOLIES-2025-festival-image-2_16.9-1024x576.jpg\",\"datePublished\":\"2025-09-23T05:53:44+00:00\",\"dateModified\":\"2025-09-24T05:13:24+00:00\",\"author\":{\"@id\":\"https:\/\/joyaapples.com\/fr\/#\/schema\/person\/5426b340c8876c9aec5743cd576ab946\"},\"breadcrumb\":{\"@id\":\"https:\/\/joyaapples.com\/joya-apples-rock-out-at-french-music-festival\/#breadcrumb\"},\"inLanguage\":\"de-DE\",\"potentialAction\":[{\"@type\":\"ReadAction\",\"target\":[\"https:\/\/joyaapples.com\/joya-apples-rock-out-at-french-music-festival\/\"]}]},{\"@type\":\"ImageObject\",\"inLanguage\":\"de-DE\",\"@id\":\"https:\/\/joyaapples.com\/joya-apples-rock-out-at-french-music-festival\/#primaryimage\",\"url\":\"https:\/\/joyaapples.com\/app\/uploads\/2025\/09\/FRANCOFOLIES-2025-festival-image-2_16.9-1024x576.jpg\",\"contentUrl\":\"https:\/\/joyaapples.com\/app\/uploads\/2025\/09\/FRANCOFOLIES-2025-festival-image-2_16.9-1024x576.jpg\"},{\"@type\":\"BreadcrumbList\",\"@id\":\"https:\/\/joyaapples.com\/joya-apples-rock-out-at-french-music-festival\/#breadcrumb\",\"itemListElement\":[{\"@type\":\"ListItem\",\"position\":1,\"name\":\"Home\",\"item\":\"https:\/\/joyaapples.com\/\"},{\"@type\":\"ListItem\",\"position\":2,\"name\":\"Joya\u00ae apples rock out at French music festival\"}]},{\"@type\":\"WebSite\",\"@id\":\"https:\/\/joyaapples.com\/fr\/#website\",\"url\":\"https:\/\/joyaapples.com\/fr\/\",\"name\":\"Joya Apples Website\",\"description\":\"\",\"potentialAction\":[{\"@type\":\"SearchAction\",\"target\":{\"@type\":\"EntryPoint\",\"urlTemplate\":\"https:\/\/joyaapples.com\/fr\/?s={search_term_string}\"},\"query-input\":{\"@type\":\"PropertyValueSpecification\",\"valueRequired\":true,\"valueName\":\"search_term_string\"}}],\"inLanguage\":\"de-DE\"},{\"@type\":\"Person\",\"@id\":\"https:\/\/joyaapples.com\/fr\/#\/schema\/person\/5426b340c8876c9aec5743cd576ab946\",\"name\":\"Antonia Strakosch\",\"image\":{\"@type\":\"ImageObject\",\"inLanguage\":\"de-DE\",\"@id\":\"https:\/\/joyaapples.com\/fr\/#\/schema\/person\/image\/\",\"url\":\"https:\/\/secure.gravatar.com\/avatar\/cd525867ee792bcd026c9015a66d4cc3f20122b8776dd36d5fd1d1493dba355c?s=96&d=mm&r=g\",\"contentUrl\":\"https:\/\/secure.gravatar.com\/avatar\/cd525867ee792bcd026c9015a66d4cc3f20122b8776dd36d5fd1d1493dba355c?s=96&d=mm&r=g\",\"caption\":\"Antonia Strakosch\"},\"url\":\"https:\/\/joyaapples.com\/de\/author\/astrakosch\/\"}]}<\/script>\n<!-- \/ Yoast SEO plugin. -->","yoast_head_json":{"title":"Joya\u00ae apples rock out at French music festival - Joya Apples Website","robots":{"index":"index","follow":"follow","max-snippet":"max-snippet:-1","max-image-preview":"max-image-preview:large","max-video-preview":"max-video-preview:-1"},"canonical":"https:\/\/joyaapples.com\/de\/joya-apples-rock-out-at-french-music-festival\/","og_locale":"de_DE","og_type":"article","og_title":"Joya\u00ae apples rock out at French music festival - Joya Apples Website","og_description":"For the second year running, Joya\u00ae partnered with one of France&#8217;s historic music festivals, Les Francofolies, to create a harmonious on-site experience, with the delicious combination of fruit, fun and freshness further amplifying the festival&#8217;s buoyant energy. Delivering strong brand visibility and meaningful engagement with the primary target audience of 30\u201350-year-olds, the activation was designed &hellip;","og_url":"https:\/\/joyaapples.com\/de\/joya-apples-rock-out-at-french-music-festival\/","og_site_name":"Joya Apples Website","article_published_time":"2025-09-23T05:53:44+00:00","article_modified_time":"2025-09-24T05:13:24+00:00","og_image":[{"width":2560,"height":1441,"url":"https:\/\/joyaapples.com\/app\/uploads\/2025\/09\/FRANCOFOLIES-2025-festival-image-2_16.9-scaled.jpg","type":"image\/jpeg"}],"author":"Antonia Strakosch","twitter_card":"summary_large_image","twitter_misc":{"Written by":"Antonia Strakosch","Est. reading time":"3 minutes"},"schema":{"@context":"https:\/\/schema.org","@graph":[{"@type":"WebPage","@id":"https:\/\/joyaapples.com\/joya-apples-rock-out-at-french-music-festival\/","url":"https:\/\/joyaapples.com\/joya-apples-rock-out-at-french-music-festival\/","name":"Joya\u00ae apples rock out at French music festival - Joya Apples Website","isPartOf":{"@id":"https:\/\/joyaapples.com\/fr\/#website"},"primaryImageOfPage":{"@id":"https:\/\/joyaapples.com\/joya-apples-rock-out-at-french-music-festival\/#primaryimage"},"image":{"@id":"https:\/\/joyaapples.com\/joya-apples-rock-out-at-french-music-festival\/#primaryimage"},"thumbnailUrl":"https:\/\/joyaapples.com\/app\/uploads\/2025\/09\/FRANCOFOLIES-2025-festival-image-2_16.9-1024x576.jpg","datePublished":"2025-09-23T05:53:44+00:00","dateModified":"2025-09-24T05:13:24+00:00","author":{"@id":"https:\/\/joyaapples.com\/fr\/#\/schema\/person\/5426b340c8876c9aec5743cd576ab946"},"breadcrumb":{"@id":"https:\/\/joyaapples.com\/joya-apples-rock-out-at-french-music-festival\/#breadcrumb"},"inLanguage":"de-DE","potentialAction":[{"@type":"ReadAction","target":["https:\/\/joyaapples.com\/joya-apples-rock-out-at-french-music-festival\/"]}]},{"@type":"ImageObject","inLanguage":"de-DE","@id":"https:\/\/joyaapples.com\/joya-apples-rock-out-at-french-music-festival\/#primaryimage","url":"https:\/\/joyaapples.com\/app\/uploads\/2025\/09\/FRANCOFOLIES-2025-festival-image-2_16.9-1024x576.jpg","contentUrl":"https:\/\/joyaapples.com\/app\/uploads\/2025\/09\/FRANCOFOLIES-2025-festival-image-2_16.9-1024x576.jpg"},{"@type":"BreadcrumbList","@id":"https:\/\/joyaapples.com\/joya-apples-rock-out-at-french-music-festival\/#breadcrumb","itemListElement":[{"@type":"ListItem","position":1,"name":"Home","item":"https:\/\/joyaapples.com\/"},{"@type":"ListItem","position":2,"name":"Joya\u00ae apples rock out at French music festival"}]},{"@type":"WebSite","@id":"https:\/\/joyaapples.com\/fr\/#website","url":"https:\/\/joyaapples.com\/fr\/","name":"Joya Apples Website","description":"","potentialAction":[{"@type":"SearchAction","target":{"@type":"EntryPoint","urlTemplate":"https:\/\/joyaapples.com\/fr\/?s={search_term_string}"},"query-input":{"@type":"PropertyValueSpecification","valueRequired":true,"valueName":"search_term_string"}}],"inLanguage":"de-DE"},{"@type":"Person","@id":"https:\/\/joyaapples.com\/fr\/#\/schema\/person\/5426b340c8876c9aec5743cd576ab946","name":"Antonia Strakosch","image":{"@type":"ImageObject","inLanguage":"de-DE","@id":"https:\/\/joyaapples.com\/fr\/#\/schema\/person\/image\/","url":"https:\/\/secure.gravatar.com\/avatar\/cd525867ee792bcd026c9015a66d4cc3f20122b8776dd36d5fd1d1493dba355c?s=96&d=mm&r=g","contentUrl":"https:\/\/secure.gravatar.com\/avatar\/cd525867ee792bcd026c9015a66d4cc3f20122b8776dd36d5fd1d1493dba355c?s=96&d=mm&r=g","caption":"Antonia Strakosch"},"url":"https:\/\/joyaapples.com\/de\/author\/astrakosch\/"}]}},"_links":{"self":[{"href":"https:\/\/joyaapples.com\/de\/wp-json\/wp\/v2\/posts\/6248","targetHints":{"allow":["GET"]}}],"collection":[{"href":"https:\/\/joyaapples.com\/de\/wp-json\/wp\/v2\/posts"}],"about":[{"href":"https:\/\/joyaapples.com\/de\/wp-json\/wp\/v2\/types\/post"}],"author":[{"embeddable":true,"href":"https:\/\/joyaapples.com\/de\/wp-json\/wp\/v2\/users\/3"}],"replies":[{"embeddable":true,"href":"https:\/\/joyaapples.com\/de\/wp-json\/wp\/v2\/comments?post=6248"}],"version-history":[{"count":7,"href":"https:\/\/joyaapples.com\/de\/wp-json\/wp\/v2\/posts\/6248\/revisions"}],"predecessor-version":[{"id":6298,"href":"https:\/\/joyaapples.com\/de\/wp-json\/wp\/v2\/posts\/6248\/revisions\/6298"}],"wp:attachment":[{"href":"https:\/\/joyaapples.com\/de\/wp-json\/wp\/v2\/media?parent=6248"}],"wp:term":[{"taxonomy":"category","embeddable":true,"href":"https:\/\/joyaapples.com\/de\/wp-json\/wp\/v2\/categories?post=6248"},{"taxonomy":"post_tag","embeddable":true,"href":"https:\/\/joyaapples.com\/de\/wp-json\/wp\/v2\/tags?post=6248"}],"curies":[{"name":"wp","href":"https:\/\/api.w.org\/{rel}","templated":true}]}}