{"id":6248,"date":"2025-09-23T05:53:44","date_gmt":"2025-09-23T05:53:44","guid":{"rendered":"https:\/\/joyaapples.com\/?p=6248"},"modified":"2025-09-24T05:13:24","modified_gmt":"2025-09-24T05:13:24","slug":"joya-apples-rock-out-at-french-music-festival","status":"publish","type":"post","link":"https:\/\/joyaapples.com\/es\/joya-apples-rock-out-at-french-music-festival\/","title":{"rendered":"Las manzanas Joya\u00ae triunfan en el festival de m\u00fasica franc\u00e9s"},"content":{"rendered":"<figure class=\"wp-block-image size-large\"><img loading=\"lazy\" decoding=\"async\" width=\"1024\" height=\"576\" src=\"https:\/\/joyaapples.com\/app\/uploads\/2025\/09\/FRANCOFOLIES-2025-festival-image-2_16.9-1024x576.jpg\" alt=\"\" class=\"wp-image-6250\" srcset=\"https:\/\/joyaapples.com\/app\/uploads\/2025\/09\/FRANCOFOLIES-2025-festival-image-2_16.9-1024x576.jpg 1024w, https:\/\/joyaapples.com\/app\/uploads\/2025\/09\/FRANCOFOLIES-2025-festival-image-2_16.9-300x169.jpg 300w, https:\/\/joyaapples.com\/app\/uploads\/2025\/09\/FRANCOFOLIES-2025-festival-image-2_16.9-768x432.jpg 768w, https:\/\/joyaapples.com\/app\/uploads\/2025\/09\/FRANCOFOLIES-2025-festival-image-2_16.9-1536x864.jpg 1536w, https:\/\/joyaapples.com\/app\/uploads\/2025\/09\/FRANCOFOLIES-2025-festival-image-2_16.9-2048x1152.jpg 2048w, https:\/\/joyaapples.com\/app\/uploads\/2025\/09\/FRANCOFOLIES-2025-festival-image-2_16.9-18x10.jpg 18w\" sizes=\"auto, (max-width: 1024px) 100vw, 1024px\" \/><\/figure>\n\n\n\n<p>Por segundo a\u00f1o consecutivo, Joya\u00ae se asoci\u00f3 con uno de los festivales de m\u00fasica hist\u00f3ricos de Francia, Les Francofolies, para crear una experiencia armoniosa en el lugar, con la deliciosa combinaci\u00f3n de fruta, diversi\u00f3n y frescura que amplificaron a\u00fan m\u00e1s la energ\u00eda alegre del festival.<\/p>\n\n\n\n<p>Al ofrecer una fuerte visibilidad de marca y un compromiso significativo con el p\u00fablico objetivo principal de entre 30 y 50 a\u00f1os, la activaci\u00f3n fue dise\u00f1ada para crear una experiencia de marca aut\u00e9ntica y memorable al fortalecer la actividad y la conexi\u00f3n de la marca.<\/p>\n\n\n\n<p>Joya\u00ae se posiciona a la perfecci\u00f3n como el refrigerio refrescante predilecto del verano. Su jugoso y vigorizante sabor ofreci\u00f3 un capricho natural y estimulante durante los tres d\u00edas repletos de actividades del festival. La actividad tambi\u00e9n fue una forma maravillosa de celebrar la cultura francesa y la producci\u00f3n local de manzanas durante el verano del hemisferio norte.<\/p>\n\n\n\n<figure class=\"wp-block-image size-large\"><img loading=\"lazy\" decoding=\"async\" width=\"1024\" height=\"576\" src=\"https:\/\/joyaapples.com\/app\/uploads\/2025\/09\/Europe-pic-3_16_9-1024x576.jpg\" alt=\"\" class=\"wp-image-6251\" srcset=\"https:\/\/joyaapples.com\/app\/uploads\/2025\/09\/Europe-pic-3_16_9-1024x576.jpg 1024w, https:\/\/joyaapples.com\/app\/uploads\/2025\/09\/Europe-pic-3_16_9-300x169.jpg 300w, https:\/\/joyaapples.com\/app\/uploads\/2025\/09\/Europe-pic-3_16_9-768x432.jpg 768w, https:\/\/joyaapples.com\/app\/uploads\/2025\/09\/Europe-pic-3_16_9-18x10.jpg 18w, https:\/\/joyaapples.com\/app\/uploads\/2025\/09\/Europe-pic-3_16_9.jpg 1536w\" sizes=\"auto, (max-width: 1024px) 100vw, 1024px\" \/><\/figure>\n\n\n\n<p>Antes del festival, m\u00e1s de 7000 visitantes interactuaron con la plataforma en l\u00ednea, con un gran inter\u00e9s por parte de los consumidores y una impresionante tasa de conversi\u00f3n de 80%. Durante los tres d\u00edas del evento, se distribuyeron m\u00e1s de 12\u00a0000 manzanas mediante atractivas actividades de marca, con triciclos de marca, una zona de prueba musical a ciegas y pantallas m\u00f3viles que garantizaban una alta visibilidad en el pasillo principal.<\/p>\n\n\n\n<p>La estrategia de marketing basada en datos defini\u00f3 objetivos tanto para la ma\u00f1ana como para la tarde, siendo la creaci\u00f3n de conexiones el foco de la ma\u00f1ana y las tardes dedicadas a impulsar el alcance.<\/p>\n\n\n\n<p>Por la ma\u00f1ana, un enfoque cualitativo foment\u00f3 las conversaciones y una mayor interacci\u00f3n con la marca mediante pruebas musicales a ciegas, debates y cuestionarios a consumidores. \u00bfEl delicioso resultado? Los asistentes al festival descubrieron Joya\u00ae a trav\u00e9s de momentos memorables y l\u00fadicos, que realzaron la alegre identidad de la marca y la consolidaron en la mente de los consumidores.<\/p>\n\n\n\n<p>Durante la tarde, una estrategia cuantitativa centrada en impulsar el alcance y la visibilidad, distribuyendo manzanas y folletos de marca durante las horas punta.<\/p>\n\n\n\n<figure class=\"wp-block-image size-large\"><img loading=\"lazy\" decoding=\"async\" width=\"1024\" height=\"576\" src=\"https:\/\/joyaapples.com\/app\/uploads\/2025\/09\/Europe-pic-2_16_9-1024x576.jpg\" alt=\"\" class=\"wp-image-6252\" srcset=\"https:\/\/joyaapples.com\/app\/uploads\/2025\/09\/Europe-pic-2_16_9-1024x576.jpg 1024w, https:\/\/joyaapples.com\/app\/uploads\/2025\/09\/Europe-pic-2_16_9-300x169.jpg 300w, https:\/\/joyaapples.com\/app\/uploads\/2025\/09\/Europe-pic-2_16_9-768x432.jpg 768w, https:\/\/joyaapples.com\/app\/uploads\/2025\/09\/Europe-pic-2_16_9-18x10.jpg 18w, https:\/\/joyaapples.com\/app\/uploads\/2025\/09\/Europe-pic-2_16_9.jpg 1536w\" sizes=\"auto, (max-width: 1024px) 100vw, 1024px\" \/><\/figure>\n\n\n\n<p>Aprovechando la oportunidad para recopilar informaci\u00f3n pr\u00e1ctica de los consumidores, se realiz\u00f3 una encuesta durante el evento, recopilando las respuestas de m\u00e1s de 700 participantes sobre sus h\u00e1bitos y preferencias de consumo de manzanas. Los resultados fueron claros: Joya\u00ae recibi\u00f3 una calificaci\u00f3n positiva de 85% y una puntuaci\u00f3n media de 4,3 sobre 5.<\/p>\n\n\n\n<p>En general, la activaci\u00f3n del festival fue un \u00e9xito rotundo, consolidando el recuerdo de marca entre los asistentes del a\u00f1o pasado. Con un mar de sombreros Joya\u00ae amarillos bailando entre el p\u00fablico al ritmo de la m\u00fasica, se respiraba una atm\u00f3sfera de alegr\u00eda.<\/p>","protected":false},"excerpt":{"rendered":"<p>For the second year running, Joya\u00ae partnered with one of France&#8217;s historic music festivals, Les Francofolies, to create a harmonious on-site experience, with the delicious combination of fruit, fun and freshness further amplifying the festival&#8217;s buoyant energy. Delivering strong brand visibility and meaningful engagement with the primary target audience of 30\u201350-year-olds, the activation was designed &hellip; <a href=\"https:\/\/joyaapples.com\/es\/joya-apples-rock-out-at-french-music-festival\/\"><\/a><\/p>","protected":false},"author":3,"featured_media":0,"comment_status":"closed","ping_status":"closed","sticky":false,"template":"","format":"standard","meta":{"_acf_changed":false,"footnotes":""},"categories":[1],"tags":[],"class_list":["post-6248","post","type-post","status-publish","format-standard","hentry","category-uncategorized"],"acf":[],"yoast_head":"<!-- This site is optimized with the Yoast SEO plugin v25.8 - https:\/\/yoast.com\/wordpress\/plugins\/seo\/ -->\n<title>Joya\u00ae apples rock out at French music festival - Joya Apples Website<\/title>\n<meta name=\"robots\" content=\"index, follow, max-snippet:-1, max-image-preview:large, max-video-preview:-1\" \/>\n<link rel=\"canonical\" href=\"https:\/\/joyaapples.com\/es\/joya-apples-rock-out-at-french-music-festival\/\" \/>\n<meta property=\"og:locale\" content=\"es_ES\" \/>\n<meta property=\"og:type\" content=\"article\" \/>\n<meta property=\"og:title\" content=\"Joya\u00ae apples rock out at French music festival - Joya Apples Website\" \/>\n<meta property=\"og:description\" content=\"For the second year running, Joya\u00ae partnered with one of France&#8217;s historic music festivals, Les Francofolies, to create a harmonious on-site experience, with the delicious combination of fruit, fun and freshness further amplifying the festival&#8217;s buoyant energy. Delivering strong brand visibility and meaningful engagement with the primary target audience of 30\u201350-year-olds, the activation was designed &hellip;\" \/>\n<meta property=\"og:url\" content=\"https:\/\/joyaapples.com\/es\/joya-apples-rock-out-at-french-music-festival\/\" \/>\n<meta property=\"og:site_name\" content=\"Joya Apples Website\" \/>\n<meta property=\"article:published_time\" content=\"2025-09-23T05:53:44+00:00\" \/>\n<meta property=\"article:modified_time\" content=\"2025-09-24T05:13:24+00:00\" \/>\n<meta property=\"og:image\" content=\"https:\/\/joyaapples.com\/app\/uploads\/2025\/09\/FRANCOFOLIES-2025-festival-image-2_16.9-scaled.jpg\" \/>\n\t<meta property=\"og:image:width\" content=\"2560\" \/>\n\t<meta property=\"og:image:height\" content=\"1441\" \/>\n\t<meta property=\"og:image:type\" content=\"image\/jpeg\" \/>\n<meta name=\"author\" content=\"Antonia Strakosch\" \/>\n<meta name=\"twitter:card\" content=\"summary_large_image\" \/>\n<meta name=\"twitter:label1\" content=\"Written by\" \/>\n\t<meta name=\"twitter:data1\" content=\"Antonia Strakosch\" \/>\n\t<meta name=\"twitter:label2\" content=\"Est. reading time\" \/>\n\t<meta name=\"twitter:data2\" content=\"3 minutes\" \/>\n<script type=\"application\/ld+json\" class=\"yoast-schema-graph\">{\"@context\":\"https:\/\/schema.org\",\"@graph\":[{\"@type\":\"WebPage\",\"@id\":\"https:\/\/joyaapples.com\/joya-apples-rock-out-at-french-music-festival\/\",\"url\":\"https:\/\/joyaapples.com\/joya-apples-rock-out-at-french-music-festival\/\",\"name\":\"Joya\u00ae apples rock out at French music festival - Joya Apples Website\",\"isPartOf\":{\"@id\":\"https:\/\/joyaapples.com\/fr\/#website\"},\"primaryImageOfPage\":{\"@id\":\"https:\/\/joyaapples.com\/joya-apples-rock-out-at-french-music-festival\/#primaryimage\"},\"image\":{\"@id\":\"https:\/\/joyaapples.com\/joya-apples-rock-out-at-french-music-festival\/#primaryimage\"},\"thumbnailUrl\":\"https:\/\/joyaapples.com\/app\/uploads\/2025\/09\/FRANCOFOLIES-2025-festival-image-2_16.9-1024x576.jpg\",\"datePublished\":\"2025-09-23T05:53:44+00:00\",\"dateModified\":\"2025-09-24T05:13:24+00:00\",\"author\":{\"@id\":\"https:\/\/joyaapples.com\/fr\/#\/schema\/person\/5426b340c8876c9aec5743cd576ab946\"},\"breadcrumb\":{\"@id\":\"https:\/\/joyaapples.com\/joya-apples-rock-out-at-french-music-festival\/#breadcrumb\"},\"inLanguage\":\"es-ES\",\"potentialAction\":[{\"@type\":\"ReadAction\",\"target\":[\"https:\/\/joyaapples.com\/joya-apples-rock-out-at-french-music-festival\/\"]}]},{\"@type\":\"ImageObject\",\"inLanguage\":\"es-ES\",\"@id\":\"https:\/\/joyaapples.com\/joya-apples-rock-out-at-french-music-festival\/#primaryimage\",\"url\":\"https:\/\/joyaapples.com\/app\/uploads\/2025\/09\/FRANCOFOLIES-2025-festival-image-2_16.9-1024x576.jpg\",\"contentUrl\":\"https:\/\/joyaapples.com\/app\/uploads\/2025\/09\/FRANCOFOLIES-2025-festival-image-2_16.9-1024x576.jpg\"},{\"@type\":\"BreadcrumbList\",\"@id\":\"https:\/\/joyaapples.com\/joya-apples-rock-out-at-french-music-festival\/#breadcrumb\",\"itemListElement\":[{\"@type\":\"ListItem\",\"position\":1,\"name\":\"Home\",\"item\":\"https:\/\/joyaapples.com\/\"},{\"@type\":\"ListItem\",\"position\":2,\"name\":\"Joya\u00ae apples rock out at French music festival\"}]},{\"@type\":\"WebSite\",\"@id\":\"https:\/\/joyaapples.com\/fr\/#website\",\"url\":\"https:\/\/joyaapples.com\/fr\/\",\"name\":\"Joya Apples Website\",\"description\":\"\",\"potentialAction\":[{\"@type\":\"SearchAction\",\"target\":{\"@type\":\"EntryPoint\",\"urlTemplate\":\"https:\/\/joyaapples.com\/fr\/?s={search_term_string}\"},\"query-input\":{\"@type\":\"PropertyValueSpecification\",\"valueRequired\":true,\"valueName\":\"search_term_string\"}}],\"inLanguage\":\"es-ES\"},{\"@type\":\"Person\",\"@id\":\"https:\/\/joyaapples.com\/fr\/#\/schema\/person\/5426b340c8876c9aec5743cd576ab946\",\"name\":\"Antonia Strakosch\",\"image\":{\"@type\":\"ImageObject\",\"inLanguage\":\"es-ES\",\"@id\":\"https:\/\/joyaapples.com\/fr\/#\/schema\/person\/image\/\",\"url\":\"https:\/\/secure.gravatar.com\/avatar\/cd525867ee792bcd026c9015a66d4cc3f20122b8776dd36d5fd1d1493dba355c?s=96&d=mm&r=g\",\"contentUrl\":\"https:\/\/secure.gravatar.com\/avatar\/cd525867ee792bcd026c9015a66d4cc3f20122b8776dd36d5fd1d1493dba355c?s=96&d=mm&r=g\",\"caption\":\"Antonia Strakosch\"},\"url\":\"https:\/\/joyaapples.com\/es\/author\/astrakosch\/\"}]}<\/script>\n<!-- \/ Yoast SEO plugin. -->","yoast_head_json":{"title":"Joya\u00ae apples rock out at French music festival - Joya Apples Website","robots":{"index":"index","follow":"follow","max-snippet":"max-snippet:-1","max-image-preview":"max-image-preview:large","max-video-preview":"max-video-preview:-1"},"canonical":"https:\/\/joyaapples.com\/es\/joya-apples-rock-out-at-french-music-festival\/","og_locale":"es_ES","og_type":"article","og_title":"Joya\u00ae apples rock out at French music festival - Joya Apples Website","og_description":"For the second year running, Joya\u00ae partnered with one of France&#8217;s historic music festivals, Les Francofolies, to create a harmonious on-site experience, with the delicious combination of fruit, fun and freshness further amplifying the festival&#8217;s buoyant energy. Delivering strong brand visibility and meaningful engagement with the primary target audience of 30\u201350-year-olds, the activation was designed &hellip;","og_url":"https:\/\/joyaapples.com\/es\/joya-apples-rock-out-at-french-music-festival\/","og_site_name":"Joya Apples Website","article_published_time":"2025-09-23T05:53:44+00:00","article_modified_time":"2025-09-24T05:13:24+00:00","og_image":[{"width":2560,"height":1441,"url":"https:\/\/joyaapples.com\/app\/uploads\/2025\/09\/FRANCOFOLIES-2025-festival-image-2_16.9-scaled.jpg","type":"image\/jpeg"}],"author":"Antonia Strakosch","twitter_card":"summary_large_image","twitter_misc":{"Written by":"Antonia Strakosch","Est. reading time":"3 minutes"},"schema":{"@context":"https:\/\/schema.org","@graph":[{"@type":"WebPage","@id":"https:\/\/joyaapples.com\/joya-apples-rock-out-at-french-music-festival\/","url":"https:\/\/joyaapples.com\/joya-apples-rock-out-at-french-music-festival\/","name":"Joya\u00ae apples rock out at French music festival - Joya Apples Website","isPartOf":{"@id":"https:\/\/joyaapples.com\/fr\/#website"},"primaryImageOfPage":{"@id":"https:\/\/joyaapples.com\/joya-apples-rock-out-at-french-music-festival\/#primaryimage"},"image":{"@id":"https:\/\/joyaapples.com\/joya-apples-rock-out-at-french-music-festival\/#primaryimage"},"thumbnailUrl":"https:\/\/joyaapples.com\/app\/uploads\/2025\/09\/FRANCOFOLIES-2025-festival-image-2_16.9-1024x576.jpg","datePublished":"2025-09-23T05:53:44+00:00","dateModified":"2025-09-24T05:13:24+00:00","author":{"@id":"https:\/\/joyaapples.com\/fr\/#\/schema\/person\/5426b340c8876c9aec5743cd576ab946"},"breadcrumb":{"@id":"https:\/\/joyaapples.com\/joya-apples-rock-out-at-french-music-festival\/#breadcrumb"},"inLanguage":"es-ES","potentialAction":[{"@type":"ReadAction","target":["https:\/\/joyaapples.com\/joya-apples-rock-out-at-french-music-festival\/"]}]},{"@type":"ImageObject","inLanguage":"es-ES","@id":"https:\/\/joyaapples.com\/joya-apples-rock-out-at-french-music-festival\/#primaryimage","url":"https:\/\/joyaapples.com\/app\/uploads\/2025\/09\/FRANCOFOLIES-2025-festival-image-2_16.9-1024x576.jpg","contentUrl":"https:\/\/joyaapples.com\/app\/uploads\/2025\/09\/FRANCOFOLIES-2025-festival-image-2_16.9-1024x576.jpg"},{"@type":"BreadcrumbList","@id":"https:\/\/joyaapples.com\/joya-apples-rock-out-at-french-music-festival\/#breadcrumb","itemListElement":[{"@type":"ListItem","position":1,"name":"Home","item":"https:\/\/joyaapples.com\/"},{"@type":"ListItem","position":2,"name":"Joya\u00ae apples rock out at French music festival"}]},{"@type":"WebSite","@id":"https:\/\/joyaapples.com\/fr\/#website","url":"https:\/\/joyaapples.com\/fr\/","name":"Joya Apples Website","description":"","potentialAction":[{"@type":"SearchAction","target":{"@type":"EntryPoint","urlTemplate":"https:\/\/joyaapples.com\/fr\/?s={search_term_string}"},"query-input":{"@type":"PropertyValueSpecification","valueRequired":true,"valueName":"search_term_string"}}],"inLanguage":"es-ES"},{"@type":"Person","@id":"https:\/\/joyaapples.com\/fr\/#\/schema\/person\/5426b340c8876c9aec5743cd576ab946","name":"Antonia Strakosch","image":{"@type":"ImageObject","inLanguage":"es-ES","@id":"https:\/\/joyaapples.com\/fr\/#\/schema\/person\/image\/","url":"https:\/\/secure.gravatar.com\/avatar\/cd525867ee792bcd026c9015a66d4cc3f20122b8776dd36d5fd1d1493dba355c?s=96&d=mm&r=g","contentUrl":"https:\/\/secure.gravatar.com\/avatar\/cd525867ee792bcd026c9015a66d4cc3f20122b8776dd36d5fd1d1493dba355c?s=96&d=mm&r=g","caption":"Antonia Strakosch"},"url":"https:\/\/joyaapples.com\/es\/author\/astrakosch\/"}]}},"_links":{"self":[{"href":"https:\/\/joyaapples.com\/es\/wp-json\/wp\/v2\/posts\/6248","targetHints":{"allow":["GET"]}}],"collection":[{"href":"https:\/\/joyaapples.com\/es\/wp-json\/wp\/v2\/posts"}],"about":[{"href":"https:\/\/joyaapples.com\/es\/wp-json\/wp\/v2\/types\/post"}],"author":[{"embeddable":true,"href":"https:\/\/joyaapples.com\/es\/wp-json\/wp\/v2\/users\/3"}],"replies":[{"embeddable":true,"href":"https:\/\/joyaapples.com\/es\/wp-json\/wp\/v2\/comments?post=6248"}],"version-history":[{"count":7,"href":"https:\/\/joyaapples.com\/es\/wp-json\/wp\/v2\/posts\/6248\/revisions"}],"predecessor-version":[{"id":6298,"href":"https:\/\/joyaapples.com\/es\/wp-json\/wp\/v2\/posts\/6248\/revisions\/6298"}],"wp:attachment":[{"href":"https:\/\/joyaapples.com\/es\/wp-json\/wp\/v2\/media?parent=6248"}],"wp:term":[{"taxonomy":"category","embeddable":true,"href":"https:\/\/joyaapples.com\/es\/wp-json\/wp\/v2\/categories?post=6248"},{"taxonomy":"post_tag","embeddable":true,"href":"https:\/\/joyaapples.com\/es\/wp-json\/wp\/v2\/tags?post=6248"}],"curies":[{"name":"wp","href":"https:\/\/api.w.org\/{rel}","templated":true}]}}