{"id":6248,"date":"2025-09-23T05:53:44","date_gmt":"2025-09-23T05:53:44","guid":{"rendered":"https:\/\/joyaapples.com\/?p=6248"},"modified":"2025-09-24T05:13:24","modified_gmt":"2025-09-24T05:13:24","slug":"joya-apples-rock-out-at-french-music-festival","status":"publish","type":"post","link":"https:\/\/joyaapples.com\/nb\/joya-apples-rock-out-at-french-music-festival\/","title":{"rendered":"Joya\u00ae-epler rocker l\u00f8s p\u00e5 fransk musikkfestival"},"content":{"rendered":"<figure class=\"wp-block-image size-large\"><img loading=\"lazy\" decoding=\"async\" width=\"1024\" height=\"576\" src=\"https:\/\/joyaapples.com\/app\/uploads\/2025\/09\/FRANCOFOLIES-2025-festival-image-2_16.9-1024x576.jpg\" alt=\"\" class=\"wp-image-6250\" srcset=\"https:\/\/joyaapples.com\/app\/uploads\/2025\/09\/FRANCOFOLIES-2025-festival-image-2_16.9-1024x576.jpg 1024w, https:\/\/joyaapples.com\/app\/uploads\/2025\/09\/FRANCOFOLIES-2025-festival-image-2_16.9-300x169.jpg 300w, https:\/\/joyaapples.com\/app\/uploads\/2025\/09\/FRANCOFOLIES-2025-festival-image-2_16.9-768x432.jpg 768w, https:\/\/joyaapples.com\/app\/uploads\/2025\/09\/FRANCOFOLIES-2025-festival-image-2_16.9-1536x864.jpg 1536w, https:\/\/joyaapples.com\/app\/uploads\/2025\/09\/FRANCOFOLIES-2025-festival-image-2_16.9-2048x1152.jpg 2048w, https:\/\/joyaapples.com\/app\/uploads\/2025\/09\/FRANCOFOLIES-2025-festival-image-2_16.9-18x10.jpg 18w\" sizes=\"auto, (max-width: 1024px) 100vw, 1024px\" \/><\/figure>\n\n\n\n<p>For andre \u00e5r p\u00e5 rad samarbeidet Joya\u00ae med en av Frankrikes historiske musikkfestivaler, Les Francofolies, for \u00e5 skape en harmonisk opplevelse p\u00e5 stedet, der den deilige kombinasjonen av frukt, moro og friskhet forsterker festivalens sprudlende energi ytterligere.<\/p>\n\n\n\n<p>Aktiveringen var utformet for \u00e5 skape en autentisk og minneverdig merkeopplevelse ved \u00e5 styrke merkevareaktivitet og -tilknytning, og ga sterk merkevaresynlighet og meningsfullt engasjement med den prim\u00e6re m\u00e5lgruppen p\u00e5 30\u201350-\u00e5ringer.<\/p>\n\n\n\n<p>Eplet posisjonerte Joya\u00ae perfekt som den forfriskende sommersnacksen man velger, og dens saftige og forfriskende smak ga en naturlig og utholdenhets\u00f8kende godbit under festivalens tre tettpakkete dager. Aktiveringen var ogs\u00e5 en fantastisk m\u00e5te \u00e5 feire fransk kultur og lokal epleproduksjon p\u00e5 i l\u00f8pet av sommeren p\u00e5 den nordlige halvkule.<\/p>\n\n\n\n<figure class=\"wp-block-image size-large\"><img loading=\"lazy\" decoding=\"async\" width=\"1024\" height=\"576\" src=\"https:\/\/joyaapples.com\/app\/uploads\/2025\/09\/Europe-pic-3_16_9-1024x576.jpg\" alt=\"\" class=\"wp-image-6251\" srcset=\"https:\/\/joyaapples.com\/app\/uploads\/2025\/09\/Europe-pic-3_16_9-1024x576.jpg 1024w, https:\/\/joyaapples.com\/app\/uploads\/2025\/09\/Europe-pic-3_16_9-300x169.jpg 300w, https:\/\/joyaapples.com\/app\/uploads\/2025\/09\/Europe-pic-3_16_9-768x432.jpg 768w, https:\/\/joyaapples.com\/app\/uploads\/2025\/09\/Europe-pic-3_16_9-18x10.jpg 18w, https:\/\/joyaapples.com\/app\/uploads\/2025\/09\/Europe-pic-3_16_9.jpg 1536w\" sizes=\"auto, (max-width: 1024px) 100vw, 1024px\" \/><\/figure>\n\n\n\n<p>F\u00f8r festivalen hadde over 7000 bes\u00f8kende engasjert seg p\u00e5 nettplattformen, med sterk forbrukerinteresse og en imponerende konverteringsrate. Under arrangementet ble mer enn 12 000 epler distribuert gjennom engasjerende merkevaredrevne aktiviteter, med trehjulssykler med merkevarebygging, et blindtestomr\u00e5de for musikk og mobile utstillinger som s\u00f8rget for h\u00f8y synlighet langs hovedgaten.<\/p>\n\n\n\n<p>Den datadrevne markedsf\u00f8ringsstrategien definerte m\u00e5l for b\u00e5de morgen og ettermiddag, der fokuset p\u00e5 \u00e5 bygge forbindelser var formiddagen og ettermiddagen viet til \u00e5 \u00f8ke rekkevidden.<\/p>\n\n\n\n<p>Om morgenen oppmuntret en kvalitativ tiln\u00e6rming til samtaler og dypere merkevareengasjement gjennom musikkblindtester, diskusjoner og forbrukersp\u00f8rreskjemaer. Det deilige resultatet? Festivaldeltakerne oppdaget Joya\u00ae gjennom minneverdige og lekne \u00f8yeblikk, noe som forsterket merkets gledelige identitet og sementerte den i forbrukernes sinn.<\/p>\n\n\n\n<p>I l\u00f8pet av ettermiddagen fokuserte en kvantitativ strategi p\u00e5 \u00e5 \u00f8ke rekkevidde og synlighet, distribuere epler og merkevarebrosjyrer i rushtiden.<\/p>\n\n\n\n<figure class=\"wp-block-image size-large\"><img loading=\"lazy\" decoding=\"async\" width=\"1024\" height=\"576\" src=\"https:\/\/joyaapples.com\/app\/uploads\/2025\/09\/Europe-pic-2_16_9-1024x576.jpg\" alt=\"\" class=\"wp-image-6252\" srcset=\"https:\/\/joyaapples.com\/app\/uploads\/2025\/09\/Europe-pic-2_16_9-1024x576.jpg 1024w, https:\/\/joyaapples.com\/app\/uploads\/2025\/09\/Europe-pic-2_16_9-300x169.jpg 300w, https:\/\/joyaapples.com\/app\/uploads\/2025\/09\/Europe-pic-2_16_9-768x432.jpg 768w, https:\/\/joyaapples.com\/app\/uploads\/2025\/09\/Europe-pic-2_16_9-18x10.jpg 18w, https:\/\/joyaapples.com\/app\/uploads\/2025\/09\/Europe-pic-2_16_9.jpg 1536w\" sizes=\"auto, (max-width: 1024px) 100vw, 1024px\" \/><\/figure>\n\n\n\n<p>Ved \u00e5 benytte anledningen til \u00e5 samle inn forbrukerinnsikt p\u00e5 bakkeniv\u00e5, ble det gjennomf\u00f8rt en unders\u00f8kelse p\u00e5 arrangementet, der over 700 deltakere fikk svar om epleforbruksvaner og -preferanser. Resultatene talte for seg selv, og Joya\u00ae fikk en positiv vurdering p\u00e5 85% og en gjennomsnittlig poengsum p\u00e5 4,3 av 5.<\/p>\n\n\n\n<p>Alt i alt var festivalen en knallsuksess, og bygget videre p\u00e5 merkevareerindringen blant deltakerne fra fjor\u00e5rets tilstedev\u00e6relse. Med et hav av solgule Joya\u00ae-hatter som danset i mengden mens rytmene rullet videre, var det bare gode vibrasjoner.<\/p>","protected":false},"excerpt":{"rendered":"<p>For the second year running, Joya\u00ae partnered with one of France&#8217;s historic music festivals, Les Francofolies, to create a harmonious on-site experience, with the delicious combination of fruit, fun and freshness further amplifying the festival&#8217;s buoyant energy. Delivering strong brand visibility and meaningful engagement with the primary target audience of 30\u201350-year-olds, the activation was designed &hellip; <a href=\"https:\/\/joyaapples.com\/nb\/joya-apples-rock-out-at-french-music-festival\/\"><\/a><\/p>","protected":false},"author":3,"featured_media":0,"comment_status":"closed","ping_status":"closed","sticky":false,"template":"","format":"standard","meta":{"_acf_changed":false,"footnotes":""},"categories":[1],"tags":[],"class_list":["post-6248","post","type-post","status-publish","format-standard","hentry","category-uncategorized"],"acf":[],"yoast_head":"<!-- This site is optimized with the Yoast SEO plugin v25.8 - https:\/\/yoast.com\/wordpress\/plugins\/seo\/ -->\n<title>Joya\u00ae apples rock out at French music festival - Joya Apples Website<\/title>\n<meta name=\"robots\" content=\"index, follow, max-snippet:-1, max-image-preview:large, max-video-preview:-1\" \/>\n<link rel=\"canonical\" href=\"https:\/\/joyaapples.com\/nb\/joya-apples-rock-out-at-french-music-festival\/\" \/>\n<meta property=\"og:locale\" content=\"nb_NO\" \/>\n<meta property=\"og:type\" content=\"article\" \/>\n<meta property=\"og:title\" content=\"Joya\u00ae apples rock out at French music festival - Joya Apples Website\" \/>\n<meta property=\"og:description\" content=\"For the second year running, Joya\u00ae partnered with one of France&#8217;s historic music festivals, Les Francofolies, to create a harmonious on-site experience, with the delicious combination of fruit, fun and freshness further amplifying the festival&#8217;s buoyant energy. Delivering strong brand visibility and meaningful engagement with the primary target audience of 30\u201350-year-olds, the activation was designed &hellip;\" \/>\n<meta property=\"og:url\" content=\"https:\/\/joyaapples.com\/nb\/joya-apples-rock-out-at-french-music-festival\/\" \/>\n<meta property=\"og:site_name\" content=\"Joya Apples Website\" \/>\n<meta property=\"article:published_time\" content=\"2025-09-23T05:53:44+00:00\" \/>\n<meta property=\"article:modified_time\" content=\"2025-09-24T05:13:24+00:00\" \/>\n<meta property=\"og:image\" content=\"https:\/\/joyaapples.com\/app\/uploads\/2025\/09\/FRANCOFOLIES-2025-festival-image-2_16.9-scaled.jpg\" \/>\n\t<meta property=\"og:image:width\" content=\"2560\" \/>\n\t<meta property=\"og:image:height\" content=\"1441\" \/>\n\t<meta property=\"og:image:type\" content=\"image\/jpeg\" \/>\n<meta name=\"author\" content=\"Antonia Strakosch\" \/>\n<meta name=\"twitter:card\" content=\"summary_large_image\" \/>\n<meta name=\"twitter:label1\" content=\"Written by\" \/>\n\t<meta name=\"twitter:data1\" content=\"Antonia Strakosch\" \/>\n\t<meta name=\"twitter:label2\" content=\"Est. reading time\" \/>\n\t<meta name=\"twitter:data2\" content=\"3 minutes\" \/>\n<script type=\"application\/ld+json\" class=\"yoast-schema-graph\">{\"@context\":\"https:\/\/schema.org\",\"@graph\":[{\"@type\":\"WebPage\",\"@id\":\"https:\/\/joyaapples.com\/joya-apples-rock-out-at-french-music-festival\/\",\"url\":\"https:\/\/joyaapples.com\/joya-apples-rock-out-at-french-music-festival\/\",\"name\":\"Joya\u00ae apples rock out at French music festival - Joya Apples Website\",\"isPartOf\":{\"@id\":\"https:\/\/joyaapples.com\/fr\/#website\"},\"primaryImageOfPage\":{\"@id\":\"https:\/\/joyaapples.com\/joya-apples-rock-out-at-french-music-festival\/#primaryimage\"},\"image\":{\"@id\":\"https:\/\/joyaapples.com\/joya-apples-rock-out-at-french-music-festival\/#primaryimage\"},\"thumbnailUrl\":\"https:\/\/joyaapples.com\/app\/uploads\/2025\/09\/FRANCOFOLIES-2025-festival-image-2_16.9-1024x576.jpg\",\"datePublished\":\"2025-09-23T05:53:44+00:00\",\"dateModified\":\"2025-09-24T05:13:24+00:00\",\"author\":{\"@id\":\"https:\/\/joyaapples.com\/fr\/#\/schema\/person\/5426b340c8876c9aec5743cd576ab946\"},\"breadcrumb\":{\"@id\":\"https:\/\/joyaapples.com\/joya-apples-rock-out-at-french-music-festival\/#breadcrumb\"},\"inLanguage\":\"nb-NO\",\"potentialAction\":[{\"@type\":\"ReadAction\",\"target\":[\"https:\/\/joyaapples.com\/joya-apples-rock-out-at-french-music-festival\/\"]}]},{\"@type\":\"ImageObject\",\"inLanguage\":\"nb-NO\",\"@id\":\"https:\/\/joyaapples.com\/joya-apples-rock-out-at-french-music-festival\/#primaryimage\",\"url\":\"https:\/\/joyaapples.com\/app\/uploads\/2025\/09\/FRANCOFOLIES-2025-festival-image-2_16.9-1024x576.jpg\",\"contentUrl\":\"https:\/\/joyaapples.com\/app\/uploads\/2025\/09\/FRANCOFOLIES-2025-festival-image-2_16.9-1024x576.jpg\"},{\"@type\":\"BreadcrumbList\",\"@id\":\"https:\/\/joyaapples.com\/joya-apples-rock-out-at-french-music-festival\/#breadcrumb\",\"itemListElement\":[{\"@type\":\"ListItem\",\"position\":1,\"name\":\"Home\",\"item\":\"https:\/\/joyaapples.com\/\"},{\"@type\":\"ListItem\",\"position\":2,\"name\":\"Joya\u00ae apples rock out at French music festival\"}]},{\"@type\":\"WebSite\",\"@id\":\"https:\/\/joyaapples.com\/fr\/#website\",\"url\":\"https:\/\/joyaapples.com\/fr\/\",\"name\":\"Joya Apples Website\",\"description\":\"\",\"potentialAction\":[{\"@type\":\"SearchAction\",\"target\":{\"@type\":\"EntryPoint\",\"urlTemplate\":\"https:\/\/joyaapples.com\/fr\/?s={search_term_string}\"},\"query-input\":{\"@type\":\"PropertyValueSpecification\",\"valueRequired\":true,\"valueName\":\"search_term_string\"}}],\"inLanguage\":\"nb-NO\"},{\"@type\":\"Person\",\"@id\":\"https:\/\/joyaapples.com\/fr\/#\/schema\/person\/5426b340c8876c9aec5743cd576ab946\",\"name\":\"Antonia Strakosch\",\"image\":{\"@type\":\"ImageObject\",\"inLanguage\":\"nb-NO\",\"@id\":\"https:\/\/joyaapples.com\/fr\/#\/schema\/person\/image\/\",\"url\":\"https:\/\/secure.gravatar.com\/avatar\/cd525867ee792bcd026c9015a66d4cc3f20122b8776dd36d5fd1d1493dba355c?s=96&d=mm&r=g\",\"contentUrl\":\"https:\/\/secure.gravatar.com\/avatar\/cd525867ee792bcd026c9015a66d4cc3f20122b8776dd36d5fd1d1493dba355c?s=96&d=mm&r=g\",\"caption\":\"Antonia Strakosch\"},\"url\":\"https:\/\/joyaapples.com\/nb\/author\/astrakosch\/\"}]}<\/script>\n<!-- \/ Yoast SEO plugin. -->","yoast_head_json":{"title":"Joya\u00ae apples rock out at French music festival - Joya Apples Website","robots":{"index":"index","follow":"follow","max-snippet":"max-snippet:-1","max-image-preview":"max-image-preview:large","max-video-preview":"max-video-preview:-1"},"canonical":"https:\/\/joyaapples.com\/nb\/joya-apples-rock-out-at-french-music-festival\/","og_locale":"nb_NO","og_type":"article","og_title":"Joya\u00ae apples rock out at French music festival - Joya Apples Website","og_description":"For the second year running, Joya\u00ae partnered with one of France&#8217;s historic music festivals, Les Francofolies, to create a harmonious on-site experience, with the delicious combination of fruit, fun and freshness further amplifying the festival&#8217;s buoyant energy. Delivering strong brand visibility and meaningful engagement with the primary target audience of 30\u201350-year-olds, the activation was designed &hellip;","og_url":"https:\/\/joyaapples.com\/nb\/joya-apples-rock-out-at-french-music-festival\/","og_site_name":"Joya Apples Website","article_published_time":"2025-09-23T05:53:44+00:00","article_modified_time":"2025-09-24T05:13:24+00:00","og_image":[{"width":2560,"height":1441,"url":"https:\/\/joyaapples.com\/app\/uploads\/2025\/09\/FRANCOFOLIES-2025-festival-image-2_16.9-scaled.jpg","type":"image\/jpeg"}],"author":"Antonia Strakosch","twitter_card":"summary_large_image","twitter_misc":{"Written by":"Antonia Strakosch","Est. reading time":"3 minutes"},"schema":{"@context":"https:\/\/schema.org","@graph":[{"@type":"WebPage","@id":"https:\/\/joyaapples.com\/joya-apples-rock-out-at-french-music-festival\/","url":"https:\/\/joyaapples.com\/joya-apples-rock-out-at-french-music-festival\/","name":"Joya\u00ae apples rock out at French music festival - Joya Apples Website","isPartOf":{"@id":"https:\/\/joyaapples.com\/fr\/#website"},"primaryImageOfPage":{"@id":"https:\/\/joyaapples.com\/joya-apples-rock-out-at-french-music-festival\/#primaryimage"},"image":{"@id":"https:\/\/joyaapples.com\/joya-apples-rock-out-at-french-music-festival\/#primaryimage"},"thumbnailUrl":"https:\/\/joyaapples.com\/app\/uploads\/2025\/09\/FRANCOFOLIES-2025-festival-image-2_16.9-1024x576.jpg","datePublished":"2025-09-23T05:53:44+00:00","dateModified":"2025-09-24T05:13:24+00:00","author":{"@id":"https:\/\/joyaapples.com\/fr\/#\/schema\/person\/5426b340c8876c9aec5743cd576ab946"},"breadcrumb":{"@id":"https:\/\/joyaapples.com\/joya-apples-rock-out-at-french-music-festival\/#breadcrumb"},"inLanguage":"nb-NO","potentialAction":[{"@type":"ReadAction","target":["https:\/\/joyaapples.com\/joya-apples-rock-out-at-french-music-festival\/"]}]},{"@type":"ImageObject","inLanguage":"nb-NO","@id":"https:\/\/joyaapples.com\/joya-apples-rock-out-at-french-music-festival\/#primaryimage","url":"https:\/\/joyaapples.com\/app\/uploads\/2025\/09\/FRANCOFOLIES-2025-festival-image-2_16.9-1024x576.jpg","contentUrl":"https:\/\/joyaapples.com\/app\/uploads\/2025\/09\/FRANCOFOLIES-2025-festival-image-2_16.9-1024x576.jpg"},{"@type":"BreadcrumbList","@id":"https:\/\/joyaapples.com\/joya-apples-rock-out-at-french-music-festival\/#breadcrumb","itemListElement":[{"@type":"ListItem","position":1,"name":"Home","item":"https:\/\/joyaapples.com\/"},{"@type":"ListItem","position":2,"name":"Joya\u00ae apples rock out at French music festival"}]},{"@type":"WebSite","@id":"https:\/\/joyaapples.com\/fr\/#website","url":"https:\/\/joyaapples.com\/fr\/","name":"Joya Apples Website","description":"","potentialAction":[{"@type":"SearchAction","target":{"@type":"EntryPoint","urlTemplate":"https:\/\/joyaapples.com\/fr\/?s={search_term_string}"},"query-input":{"@type":"PropertyValueSpecification","valueRequired":true,"valueName":"search_term_string"}}],"inLanguage":"nb-NO"},{"@type":"Person","@id":"https:\/\/joyaapples.com\/fr\/#\/schema\/person\/5426b340c8876c9aec5743cd576ab946","name":"Antonia Strakosch","image":{"@type":"ImageObject","inLanguage":"nb-NO","@id":"https:\/\/joyaapples.com\/fr\/#\/schema\/person\/image\/","url":"https:\/\/secure.gravatar.com\/avatar\/cd525867ee792bcd026c9015a66d4cc3f20122b8776dd36d5fd1d1493dba355c?s=96&d=mm&r=g","contentUrl":"https:\/\/secure.gravatar.com\/avatar\/cd525867ee792bcd026c9015a66d4cc3f20122b8776dd36d5fd1d1493dba355c?s=96&d=mm&r=g","caption":"Antonia Strakosch"},"url":"https:\/\/joyaapples.com\/nb\/author\/astrakosch\/"}]}},"_links":{"self":[{"href":"https:\/\/joyaapples.com\/nb\/wp-json\/wp\/v2\/posts\/6248","targetHints":{"allow":["GET"]}}],"collection":[{"href":"https:\/\/joyaapples.com\/nb\/wp-json\/wp\/v2\/posts"}],"about":[{"href":"https:\/\/joyaapples.com\/nb\/wp-json\/wp\/v2\/types\/post"}],"author":[{"embeddable":true,"href":"https:\/\/joyaapples.com\/nb\/wp-json\/wp\/v2\/users\/3"}],"replies":[{"embeddable":true,"href":"https:\/\/joyaapples.com\/nb\/wp-json\/wp\/v2\/comments?post=6248"}],"version-history":[{"count":7,"href":"https:\/\/joyaapples.com\/nb\/wp-json\/wp\/v2\/posts\/6248\/revisions"}],"predecessor-version":[{"id":6298,"href":"https:\/\/joyaapples.com\/nb\/wp-json\/wp\/v2\/posts\/6248\/revisions\/6298"}],"wp:attachment":[{"href":"https:\/\/joyaapples.com\/nb\/wp-json\/wp\/v2\/media?parent=6248"}],"wp:term":[{"taxonomy":"category","embeddable":true,"href":"https:\/\/joyaapples.com\/nb\/wp-json\/wp\/v2\/categories?post=6248"},{"taxonomy":"post_tag","embeddable":true,"href":"https:\/\/joyaapples.com\/nb\/wp-json\/wp\/v2\/tags?post=6248"}],"curies":[{"name":"wp","href":"https:\/\/api.w.org\/{rel}","templated":true}]}}