{"id":6248,"date":"2025-09-23T05:53:44","date_gmt":"2025-09-23T05:53:44","guid":{"rendered":"https:\/\/joyaapples.com\/?p=6248"},"modified":"2025-09-24T05:13:24","modified_gmt":"2025-09-24T05:13:24","slug":"joya-apples-rock-out-at-french-music-festival","status":"publish","type":"post","link":"https:\/\/joyaapples.com\/sv\/joya-apples-rock-out-at-french-music-festival\/","title":{"rendered":"Joya\u00ae-\u00e4pplen rockar loss p\u00e5 fransk musikfestival"},"content":{"rendered":"<figure class=\"wp-block-image size-large\"><img loading=\"lazy\" decoding=\"async\" width=\"1024\" height=\"576\" src=\"https:\/\/joyaapples.com\/app\/uploads\/2025\/09\/FRANCOFOLIES-2025-festival-image-2_16.9-1024x576.jpg\" alt=\"\" class=\"wp-image-6250\" srcset=\"https:\/\/joyaapples.com\/app\/uploads\/2025\/09\/FRANCOFOLIES-2025-festival-image-2_16.9-1024x576.jpg 1024w, https:\/\/joyaapples.com\/app\/uploads\/2025\/09\/FRANCOFOLIES-2025-festival-image-2_16.9-300x169.jpg 300w, https:\/\/joyaapples.com\/app\/uploads\/2025\/09\/FRANCOFOLIES-2025-festival-image-2_16.9-768x432.jpg 768w, https:\/\/joyaapples.com\/app\/uploads\/2025\/09\/FRANCOFOLIES-2025-festival-image-2_16.9-1536x864.jpg 1536w, https:\/\/joyaapples.com\/app\/uploads\/2025\/09\/FRANCOFOLIES-2025-festival-image-2_16.9-2048x1152.jpg 2048w, https:\/\/joyaapples.com\/app\/uploads\/2025\/09\/FRANCOFOLIES-2025-festival-image-2_16.9-18x10.jpg 18w\" sizes=\"auto, (max-width: 1024px) 100vw, 1024px\" \/><\/figure>\n\n\n\n<p>F\u00f6r andra \u00e5ret i rad samarbetade Joya\u00ae med en av Frankrikes historiska musikfestivaler, Les Francofolies, f\u00f6r att skapa en harmonisk upplevelse p\u00e5 plats, d\u00e4r den l\u00e4ckra kombinationen av frukt, gl\u00e4dje och fr\u00e4sch\u00f6r ytterligare f\u00f6rst\u00e4rker festivalens sprudlande energi.<\/p>\n\n\n\n<p>Aktiveringen var utformad f\u00f6r att skapa en autentisk och minnesv\u00e4rd varum\u00e4rkesupplevelse genom att st\u00e4rka varum\u00e4rkesaktivitet och kopplingar, vilket gav stark varum\u00e4rkessynlighet och meningsfullt engagemang med den prim\u00e4ra m\u00e5lgruppen 30\u201350-\u00e5ringar.<\/p>\n\n\n\n<p>\u00c4pplets saftiga, uppfriskande smak positionerade Joya\u00ae perfekt som det uppfriskande sommarsnackset i sikte, och erbj\u00f6d en naturlig och uth\u00e5llighetsh\u00f6jande njutning under festivalens tre sp\u00e4ckade dagar. Aktiveringen var ocks\u00e5 ett underbart s\u00e4tt att fira fransk kultur och lokal \u00e4ppelproduktion under norra halvklotets sommar.<\/p>\n\n\n\n<figure class=\"wp-block-image size-large\"><img loading=\"lazy\" decoding=\"async\" width=\"1024\" height=\"576\" src=\"https:\/\/joyaapples.com\/app\/uploads\/2025\/09\/Europe-pic-3_16_9-1024x576.jpg\" alt=\"\" class=\"wp-image-6251\" srcset=\"https:\/\/joyaapples.com\/app\/uploads\/2025\/09\/Europe-pic-3_16_9-1024x576.jpg 1024w, https:\/\/joyaapples.com\/app\/uploads\/2025\/09\/Europe-pic-3_16_9-300x169.jpg 300w, https:\/\/joyaapples.com\/app\/uploads\/2025\/09\/Europe-pic-3_16_9-768x432.jpg 768w, https:\/\/joyaapples.com\/app\/uploads\/2025\/09\/Europe-pic-3_16_9-18x10.jpg 18w, https:\/\/joyaapples.com\/app\/uploads\/2025\/09\/Europe-pic-3_16_9.jpg 1536w\" sizes=\"auto, (max-width: 1024px) 100vw, 1024px\" \/><\/figure>\n\n\n\n<p>Inf\u00f6r festivalen hade \u00f6ver 7 000 bes\u00f6kare interagerat med onlineplattformen, med starkt konsumentintresse och en imponerande konverteringsfrekvens. Under evenemanget, som var dynamiskt under tre dagar, delades mer \u00e4n 12 000 \u00e4pplen ut genom engagerande varum\u00e4rkesdrivna aktiviteter, med m\u00e4rkestrecyklar, ett blindtestomr\u00e5de f\u00f6r musik och mobila displayer som s\u00e4kerst\u00e4llde h\u00f6g synlighet l\u00e4ngs huvudgatan.<\/p>\n\n\n\n<p>Den datadrivna marknadsf\u00f6ringsstrategin definierade m\u00e5l f\u00f6r b\u00e5de morgon och eftermiddag, d\u00e4r fokus p\u00e5 att bygga kontakter \u00e4gnades \u00e5t att \u00f6ka r\u00e4ckvidden under morgonen och eftermiddagen.<\/p>\n\n\n\n<p>P\u00e5 morgonen uppmuntrade en kvalitativ metod samtal och djupare varum\u00e4rkesengagemang genom musikblindtester, diskussioner och konsumentenk\u00e4ter. Det l\u00e4ckra resultatet? Festivalbes\u00f6karna uppt\u00e4ckte Joya\u00ae genom minnesv\u00e4rda och lekfulla \u00f6gonblick, vilket f\u00f6rst\u00e4rkte varum\u00e4rkets gl\u00e4djefyllda identitet och cementerade den i konsumenternas medvetande.<\/p>\n\n\n\n<p>Under eftermiddagen fokuserade en kvantitativ strategi p\u00e5 att \u00f6ka r\u00e4ckvidd och synlighet, samt distribuera \u00e4pplen och reklamblad under h\u00f6gtrafik.<\/p>\n\n\n\n<figure class=\"wp-block-image size-large\"><img loading=\"lazy\" decoding=\"async\" width=\"1024\" height=\"576\" src=\"https:\/\/joyaapples.com\/app\/uploads\/2025\/09\/Europe-pic-2_16_9-1024x576.jpg\" alt=\"\" class=\"wp-image-6252\" srcset=\"https:\/\/joyaapples.com\/app\/uploads\/2025\/09\/Europe-pic-2_16_9-1024x576.jpg 1024w, https:\/\/joyaapples.com\/app\/uploads\/2025\/09\/Europe-pic-2_16_9-300x169.jpg 300w, https:\/\/joyaapples.com\/app\/uploads\/2025\/09\/Europe-pic-2_16_9-768x432.jpg 768w, https:\/\/joyaapples.com\/app\/uploads\/2025\/09\/Europe-pic-2_16_9-18x10.jpg 18w, https:\/\/joyaapples.com\/app\/uploads\/2025\/09\/Europe-pic-2_16_9.jpg 1536w\" sizes=\"auto, (max-width: 1024px) 100vw, 1024px\" \/><\/figure>\n\n\n\n<p>F\u00f6r att ta tillf\u00e4llet i akt att samla in konsumentinsikter p\u00e5 plats genomf\u00f6rdes en unders\u00f6kning vid evenemanget, d\u00e4r svar fr\u00e5n \u00f6ver 700 deltagare om Apples konsumtionsvanor och preferenser samlades in. Resultaten talade f\u00f6r sig sj\u00e4lva, d\u00e4r Joya\u00ae fick ett positivt betyg p\u00e5 85% och ett genomsnittligt betyg p\u00e5 4,3 av 5.<\/p>\n\n\n\n<p>Sammantaget var festivalens aktivering en rungande succ\u00e9, som byggde p\u00e5 varum\u00e4rkes\u00e5terkallelsen bland bes\u00f6karna fr\u00e5n f\u00f6rra \u00e5rets n\u00e4rvaro. Med ett hav av solgula Joya\u00ae-hattar som dansade i publiken medan rytmerna rullade p\u00e5, fanns det inget annat \u00e4n goda vibrationer.<\/p>","protected":false},"excerpt":{"rendered":"<p>For the second year running, Joya\u00ae partnered with one of France&#8217;s historic music festivals, Les Francofolies, to create a harmonious on-site experience, with the delicious combination of fruit, fun and freshness further amplifying the festival&#8217;s buoyant energy. Delivering strong brand visibility and meaningful engagement with the primary target audience of 30\u201350-year-olds, the activation was designed &hellip; <a href=\"https:\/\/joyaapples.com\/sv\/joya-apples-rock-out-at-french-music-festival\/\"><\/a><\/p>","protected":false},"author":3,"featured_media":0,"comment_status":"closed","ping_status":"closed","sticky":false,"template":"","format":"standard","meta":{"_acf_changed":false,"footnotes":""},"categories":[1],"tags":[],"class_list":["post-6248","post","type-post","status-publish","format-standard","hentry","category-uncategorized"],"acf":[],"yoast_head":"<!-- This site is optimized with the Yoast SEO plugin v25.8 - https:\/\/yoast.com\/wordpress\/plugins\/seo\/ -->\n<title>Joya\u00ae apples rock out at French music festival - Joya Apples Website<\/title>\n<meta name=\"robots\" content=\"index, follow, max-snippet:-1, max-image-preview:large, max-video-preview:-1\" \/>\n<link rel=\"canonical\" href=\"https:\/\/joyaapples.com\/sv\/joya-apples-rock-out-at-french-music-festival\/\" \/>\n<meta property=\"og:locale\" content=\"sv_SE\" \/>\n<meta property=\"og:type\" content=\"article\" \/>\n<meta property=\"og:title\" content=\"Joya\u00ae apples rock out at French music festival - Joya Apples Website\" \/>\n<meta property=\"og:description\" content=\"For the second year running, Joya\u00ae partnered with one of France&#8217;s historic music festivals, Les Francofolies, to create a harmonious on-site experience, with the delicious combination of fruit, fun and freshness further amplifying the festival&#8217;s buoyant energy. Delivering strong brand visibility and meaningful engagement with the primary target audience of 30\u201350-year-olds, the activation was designed &hellip;\" \/>\n<meta property=\"og:url\" content=\"https:\/\/joyaapples.com\/sv\/joya-apples-rock-out-at-french-music-festival\/\" \/>\n<meta property=\"og:site_name\" content=\"Joya Apples Website\" \/>\n<meta property=\"article:published_time\" content=\"2025-09-23T05:53:44+00:00\" \/>\n<meta property=\"article:modified_time\" content=\"2025-09-24T05:13:24+00:00\" \/>\n<meta property=\"og:image\" content=\"https:\/\/joyaapples.com\/app\/uploads\/2025\/09\/FRANCOFOLIES-2025-festival-image-2_16.9-scaled.jpg\" \/>\n\t<meta property=\"og:image:width\" content=\"2560\" \/>\n\t<meta property=\"og:image:height\" content=\"1441\" \/>\n\t<meta property=\"og:image:type\" content=\"image\/jpeg\" \/>\n<meta name=\"author\" content=\"Antonia Strakosch\" \/>\n<meta name=\"twitter:card\" content=\"summary_large_image\" \/>\n<meta name=\"twitter:label1\" content=\"Written by\" \/>\n\t<meta name=\"twitter:data1\" content=\"Antonia Strakosch\" \/>\n\t<meta name=\"twitter:label2\" content=\"Est. reading time\" \/>\n\t<meta name=\"twitter:data2\" content=\"3 minutes\" \/>\n<script type=\"application\/ld+json\" class=\"yoast-schema-graph\">{\"@context\":\"https:\/\/schema.org\",\"@graph\":[{\"@type\":\"WebPage\",\"@id\":\"https:\/\/joyaapples.com\/joya-apples-rock-out-at-french-music-festival\/\",\"url\":\"https:\/\/joyaapples.com\/joya-apples-rock-out-at-french-music-festival\/\",\"name\":\"Joya\u00ae apples rock out at French music festival - Joya Apples Website\",\"isPartOf\":{\"@id\":\"https:\/\/joyaapples.com\/fr\/#website\"},\"primaryImageOfPage\":{\"@id\":\"https:\/\/joyaapples.com\/joya-apples-rock-out-at-french-music-festival\/#primaryimage\"},\"image\":{\"@id\":\"https:\/\/joyaapples.com\/joya-apples-rock-out-at-french-music-festival\/#primaryimage\"},\"thumbnailUrl\":\"https:\/\/joyaapples.com\/app\/uploads\/2025\/09\/FRANCOFOLIES-2025-festival-image-2_16.9-1024x576.jpg\",\"datePublished\":\"2025-09-23T05:53:44+00:00\",\"dateModified\":\"2025-09-24T05:13:24+00:00\",\"author\":{\"@id\":\"https:\/\/joyaapples.com\/fr\/#\/schema\/person\/5426b340c8876c9aec5743cd576ab946\"},\"breadcrumb\":{\"@id\":\"https:\/\/joyaapples.com\/joya-apples-rock-out-at-french-music-festival\/#breadcrumb\"},\"inLanguage\":\"sv-SE\",\"potentialAction\":[{\"@type\":\"ReadAction\",\"target\":[\"https:\/\/joyaapples.com\/joya-apples-rock-out-at-french-music-festival\/\"]}]},{\"@type\":\"ImageObject\",\"inLanguage\":\"sv-SE\",\"@id\":\"https:\/\/joyaapples.com\/joya-apples-rock-out-at-french-music-festival\/#primaryimage\",\"url\":\"https:\/\/joyaapples.com\/app\/uploads\/2025\/09\/FRANCOFOLIES-2025-festival-image-2_16.9-1024x576.jpg\",\"contentUrl\":\"https:\/\/joyaapples.com\/app\/uploads\/2025\/09\/FRANCOFOLIES-2025-festival-image-2_16.9-1024x576.jpg\"},{\"@type\":\"BreadcrumbList\",\"@id\":\"https:\/\/joyaapples.com\/joya-apples-rock-out-at-french-music-festival\/#breadcrumb\",\"itemListElement\":[{\"@type\":\"ListItem\",\"position\":1,\"name\":\"Home\",\"item\":\"https:\/\/joyaapples.com\/\"},{\"@type\":\"ListItem\",\"position\":2,\"name\":\"Joya\u00ae apples rock out at French music festival\"}]},{\"@type\":\"WebSite\",\"@id\":\"https:\/\/joyaapples.com\/fr\/#website\",\"url\":\"https:\/\/joyaapples.com\/fr\/\",\"name\":\"Joya Apples Website\",\"description\":\"\",\"potentialAction\":[{\"@type\":\"SearchAction\",\"target\":{\"@type\":\"EntryPoint\",\"urlTemplate\":\"https:\/\/joyaapples.com\/fr\/?s={search_term_string}\"},\"query-input\":{\"@type\":\"PropertyValueSpecification\",\"valueRequired\":true,\"valueName\":\"search_term_string\"}}],\"inLanguage\":\"sv-SE\"},{\"@type\":\"Person\",\"@id\":\"https:\/\/joyaapples.com\/fr\/#\/schema\/person\/5426b340c8876c9aec5743cd576ab946\",\"name\":\"Antonia Strakosch\",\"image\":{\"@type\":\"ImageObject\",\"inLanguage\":\"sv-SE\",\"@id\":\"https:\/\/joyaapples.com\/fr\/#\/schema\/person\/image\/\",\"url\":\"https:\/\/secure.gravatar.com\/avatar\/cd525867ee792bcd026c9015a66d4cc3f20122b8776dd36d5fd1d1493dba355c?s=96&d=mm&r=g\",\"contentUrl\":\"https:\/\/secure.gravatar.com\/avatar\/cd525867ee792bcd026c9015a66d4cc3f20122b8776dd36d5fd1d1493dba355c?s=96&d=mm&r=g\",\"caption\":\"Antonia Strakosch\"},\"url\":\"https:\/\/joyaapples.com\/sv\/author\/astrakosch\/\"}]}<\/script>\n<!-- \/ Yoast SEO plugin. -->","yoast_head_json":{"title":"Joya\u00ae apples rock out at French music festival - Joya Apples Website","robots":{"index":"index","follow":"follow","max-snippet":"max-snippet:-1","max-image-preview":"max-image-preview:large","max-video-preview":"max-video-preview:-1"},"canonical":"https:\/\/joyaapples.com\/sv\/joya-apples-rock-out-at-french-music-festival\/","og_locale":"sv_SE","og_type":"article","og_title":"Joya\u00ae apples rock out at French music festival - Joya Apples Website","og_description":"For the second year running, Joya\u00ae partnered with one of France&#8217;s historic music festivals, Les Francofolies, to create a harmonious on-site experience, with the delicious combination of fruit, fun and freshness further amplifying the festival&#8217;s buoyant energy. Delivering strong brand visibility and meaningful engagement with the primary target audience of 30\u201350-year-olds, the activation was designed &hellip;","og_url":"https:\/\/joyaapples.com\/sv\/joya-apples-rock-out-at-french-music-festival\/","og_site_name":"Joya Apples Website","article_published_time":"2025-09-23T05:53:44+00:00","article_modified_time":"2025-09-24T05:13:24+00:00","og_image":[{"width":2560,"height":1441,"url":"https:\/\/joyaapples.com\/app\/uploads\/2025\/09\/FRANCOFOLIES-2025-festival-image-2_16.9-scaled.jpg","type":"image\/jpeg"}],"author":"Antonia Strakosch","twitter_card":"summary_large_image","twitter_misc":{"Written by":"Antonia Strakosch","Est. reading time":"3 minutes"},"schema":{"@context":"https:\/\/schema.org","@graph":[{"@type":"WebPage","@id":"https:\/\/joyaapples.com\/joya-apples-rock-out-at-french-music-festival\/","url":"https:\/\/joyaapples.com\/joya-apples-rock-out-at-french-music-festival\/","name":"Joya\u00ae apples rock out at French music festival - Joya Apples Website","isPartOf":{"@id":"https:\/\/joyaapples.com\/fr\/#website"},"primaryImageOfPage":{"@id":"https:\/\/joyaapples.com\/joya-apples-rock-out-at-french-music-festival\/#primaryimage"},"image":{"@id":"https:\/\/joyaapples.com\/joya-apples-rock-out-at-french-music-festival\/#primaryimage"},"thumbnailUrl":"https:\/\/joyaapples.com\/app\/uploads\/2025\/09\/FRANCOFOLIES-2025-festival-image-2_16.9-1024x576.jpg","datePublished":"2025-09-23T05:53:44+00:00","dateModified":"2025-09-24T05:13:24+00:00","author":{"@id":"https:\/\/joyaapples.com\/fr\/#\/schema\/person\/5426b340c8876c9aec5743cd576ab946"},"breadcrumb":{"@id":"https:\/\/joyaapples.com\/joya-apples-rock-out-at-french-music-festival\/#breadcrumb"},"inLanguage":"sv-SE","potentialAction":[{"@type":"ReadAction","target":["https:\/\/joyaapples.com\/joya-apples-rock-out-at-french-music-festival\/"]}]},{"@type":"ImageObject","inLanguage":"sv-SE","@id":"https:\/\/joyaapples.com\/joya-apples-rock-out-at-french-music-festival\/#primaryimage","url":"https:\/\/joyaapples.com\/app\/uploads\/2025\/09\/FRANCOFOLIES-2025-festival-image-2_16.9-1024x576.jpg","contentUrl":"https:\/\/joyaapples.com\/app\/uploads\/2025\/09\/FRANCOFOLIES-2025-festival-image-2_16.9-1024x576.jpg"},{"@type":"BreadcrumbList","@id":"https:\/\/joyaapples.com\/joya-apples-rock-out-at-french-music-festival\/#breadcrumb","itemListElement":[{"@type":"ListItem","position":1,"name":"Home","item":"https:\/\/joyaapples.com\/"},{"@type":"ListItem","position":2,"name":"Joya\u00ae apples rock out at French music festival"}]},{"@type":"WebSite","@id":"https:\/\/joyaapples.com\/fr\/#website","url":"https:\/\/joyaapples.com\/fr\/","name":"Joya Apples Website","description":"","potentialAction":[{"@type":"SearchAction","target":{"@type":"EntryPoint","urlTemplate":"https:\/\/joyaapples.com\/fr\/?s={search_term_string}"},"query-input":{"@type":"PropertyValueSpecification","valueRequired":true,"valueName":"search_term_string"}}],"inLanguage":"sv-SE"},{"@type":"Person","@id":"https:\/\/joyaapples.com\/fr\/#\/schema\/person\/5426b340c8876c9aec5743cd576ab946","name":"Antonia Strakosch","image":{"@type":"ImageObject","inLanguage":"sv-SE","@id":"https:\/\/joyaapples.com\/fr\/#\/schema\/person\/image\/","url":"https:\/\/secure.gravatar.com\/avatar\/cd525867ee792bcd026c9015a66d4cc3f20122b8776dd36d5fd1d1493dba355c?s=96&d=mm&r=g","contentUrl":"https:\/\/secure.gravatar.com\/avatar\/cd525867ee792bcd026c9015a66d4cc3f20122b8776dd36d5fd1d1493dba355c?s=96&d=mm&r=g","caption":"Antonia Strakosch"},"url":"https:\/\/joyaapples.com\/sv\/author\/astrakosch\/"}]}},"_links":{"self":[{"href":"https:\/\/joyaapples.com\/sv\/wp-json\/wp\/v2\/posts\/6248","targetHints":{"allow":["GET"]}}],"collection":[{"href":"https:\/\/joyaapples.com\/sv\/wp-json\/wp\/v2\/posts"}],"about":[{"href":"https:\/\/joyaapples.com\/sv\/wp-json\/wp\/v2\/types\/post"}],"author":[{"embeddable":true,"href":"https:\/\/joyaapples.com\/sv\/wp-json\/wp\/v2\/users\/3"}],"replies":[{"embeddable":true,"href":"https:\/\/joyaapples.com\/sv\/wp-json\/wp\/v2\/comments?post=6248"}],"version-history":[{"count":7,"href":"https:\/\/joyaapples.com\/sv\/wp-json\/wp\/v2\/posts\/6248\/revisions"}],"predecessor-version":[{"id":6298,"href":"https:\/\/joyaapples.com\/sv\/wp-json\/wp\/v2\/posts\/6248\/revisions\/6298"}],"wp:attachment":[{"href":"https:\/\/joyaapples.com\/sv\/wp-json\/wp\/v2\/media?parent=6248"}],"wp:term":[{"taxonomy":"category","embeddable":true,"href":"https:\/\/joyaapples.com\/sv\/wp-json\/wp\/v2\/categories?post=6248"},{"taxonomy":"post_tag","embeddable":true,"href":"https:\/\/joyaapples.com\/sv\/wp-json\/wp\/v2\/tags?post=6248"}],"curies":[{"name":"wp","href":"https:\/\/api.w.org\/{rel}","templated":true}]}}